{"id":1,"name":"admin","url":"https:\/\/africa-weimar.es","description":"","link":"https:\/\/africa-weimar.es\/index.php\/author\/admin\/","slug":"admin","avatar_urls":{"24":"https:\/\/secure.gravatar.com\/avatar\/5298399ec2c4558043a3d3f9e0217852721c812731581d6786f3782c617dd87f?s=24&d=mm&r=g","48":"https:\/\/secure.gravatar.com\/avatar\/5298399ec2c4558043a3d3f9e0217852721c812731581d6786f3782c617dd87f?s=48&d=mm&r=g","96":"https:\/\/secure.gravatar.com\/avatar\/5298399ec2c4558043a3d3f9e0217852721c812731581d6786f3782c617dd87f?s=96&d=mm&r=g"},"meta":[],"yoast_head":"<!-- This site is optimized with the Yoast SEO plugin v20.1 - https:\/\/yoast.com\/wordpress\/plugins\/seo\/ -->\n<title>Weimaraner Memorias de \u00c1frica<\/title>\n<meta name=\"description\" content=\"Selecci\u00f3n del Braco de Weimar desde 1999 para exposici\u00f3n, caza y compa\u00f1\u00eda.\" \/>\n<meta name=\"robots\" content=\"index, follow, max-snippet:-1, max-image-preview:large, max-video-preview:-1\" \/>\n<link rel=\"canonical\" href=\"https:\/\/africa-weimar.es\/index.php\/author\/admin\/\" \/>\n<meta property=\"og:locale\" content=\"es_ES\" \/>\n<meta property=\"og:type\" content=\"profile\" \/>\n<meta property=\"og:title\" content=\"Weimaraner Memorias de \u00c1frica\" \/>\n<meta property=\"og:description\" content=\"Selecci\u00f3n del Braco de Weimar desde 1999 para exposici\u00f3n, caza y compa\u00f1\u00eda.\" \/>\n<meta property=\"og:url\" content=\"https:\/\/africa-weimar.es\/index.php\/author\/admin\/\" \/>\n<meta property=\"og:site_name\" content=\"Memorias de &Aacute;frica\" \/>\n<meta property=\"og:image\" content=\"https:\/\/secure.gravatar.com\/avatar\/5298399ec2c4558043a3d3f9e0217852721c812731581d6786f3782c617dd87f?s=500&d=mm&r=g\" \/>\n<meta name=\"twitter:card\" content=\"summary_large_image\" \/>\n<script type=\"application\/ld+json\" class=\"yoast-schema-graph\">{\"@context\":\"https:\/\/schema.org\",\"@graph\":[{\"@type\":\"ProfilePage\",\"@id\":\"https:\/\/africa-weimar.es\/index.php\/author\/admin\/\",\"url\":\"https:\/\/africa-weimar.es\/index.php\/author\/admin\/\",\"name\":\"Weimaraner Memorias de \u00c1frica\",\"isPartOf\":{\"@id\":\"https:\/\/africa-weimar.es\/#website\"},\"description\":\"Selecci\u00f3n del Braco de Weimar desde 1999 para exposici\u00f3n, caza y compa\u00f1\u00eda.\",\"breadcrumb\":{\"@id\":\"https:\/\/africa-weimar.es\/index.php\/author\/admin\/#breadcrumb\"},\"inLanguage\":\"es\",\"potentialAction\":[{\"@type\":\"ReadAction\",\"target\":[\"https:\/\/africa-weimar.es\/index.php\/author\/admin\/\"]}]},{\"@type\":\"BreadcrumbList\",\"@id\":\"https:\/\/africa-weimar.es\/index.php\/author\/admin\/#breadcrumb\",\"itemListElement\":[{\"@type\":\"ListItem\",\"position\":1,\"name\":\"Portada\",\"item\":\"https:\/\/africa-weimar.es\/\"},{\"@type\":\"ListItem\",\"position\":2,\"name\":\"Archivo de admin\"}]},{\"@type\":\"WebSite\",\"@id\":\"https:\/\/africa-weimar.es\/#website\",\"url\":\"https:\/\/africa-weimar.es\/\",\"name\":\"Memorias de Africa\",\"description\":\"Criador de Braco de Weimar o Weimaraner desde 1999\",\"publisher\":{\"@id\":\"https:\/\/africa-weimar.es\/#\/schema\/person\/33bc83461096067bb8f0b9a1f55d2a12\"},\"potentialAction\":[{\"@type\":\"SearchAction\",\"target\":{\"@type\":\"EntryPoint\",\"urlTemplate\":\"https:\/\/africa-weimar.es\/?s={search_term_string}\"},\"query-input\":\"required name=search_term_string\"}],\"inLanguage\":\"es\"},{\"@type\":[\"Person\",\"Organization\"],\"@id\":\"https:\/\/africa-weimar.es\/#\/schema\/person\/33bc83461096067bb8f0b9a1f55d2a12\",\"name\":\"admin\",\"image\":{\"@type\":\"ImageObject\",\"inLanguage\":\"es\",\"@id\":\"https:\/\/africa-weimar.es\/#\/schema\/person\/image\/\",\"url\":\"https:\/\/africa-weimar.es\/wp-content\/uploads\/2022\/04\/cropped-cleo1-scaled.jpg\",\"contentUrl\":\"https:\/\/africa-weimar.es\/wp-content\/uploads\/2022\/04\/cropped-cleo1-scaled.jpg\",\"width\":2560,\"height\":711,\"caption\":\"admin\"},\"logo\":{\"@id\":\"https:\/\/africa-weimar.es\/#\/schema\/person\/image\/\"},\"sameAs\":[\"https:\/\/africa-weimar.es\",\"https:\/\/www.facebook.com\/africa.delafuente\",\"https:\/\/www.instagram.com\/belascan\"],\"mainEntityOfPage\":{\"@id\":\"https:\/\/africa-weimar.es\/index.php\/author\/admin\/\"}}]}<\/script>\n<!-- \/ Yoast SEO plugin. -->","yoast_head_json":{"title":"Weimaraner Memorias de \u00c1frica","description":"Selecci\u00f3n del Braco de Weimar desde 1999 para exposici\u00f3n, caza y compa\u00f1\u00eda.","robots":{"index":"index","follow":"follow","max-snippet":"max-snippet:-1","max-image-preview":"max-image-preview:large","max-video-preview":"max-video-preview:-1"},"canonical":"https:\/\/africa-weimar.es\/index.php\/author\/admin\/","og_locale":"es_ES","og_type":"profile","og_title":"Weimaraner Memorias de \u00c1frica","og_description":"Selecci\u00f3n del Braco de Weimar desde 1999 para exposici\u00f3n, caza y compa\u00f1\u00eda.","og_url":"https:\/\/africa-weimar.es\/index.php\/author\/admin\/","og_site_name":"Memorias de &Aacute;frica","og_image":[{"url":"https:\/\/secure.gravatar.com\/avatar\/5298399ec2c4558043a3d3f9e0217852721c812731581d6786f3782c617dd87f?s=500&d=mm&r=g"}],"twitter_card":"summary_large_image","schema":{"@context":"https:\/\/schema.org","@graph":[{"@type":"ProfilePage","@id":"https:\/\/africa-weimar.es\/index.php\/author\/admin\/","url":"https:\/\/africa-weimar.es\/index.php\/author\/admin\/","name":"Weimaraner Memorias de \u00c1frica","isPartOf":{"@id":"https:\/\/africa-weimar.es\/#website"},"description":"Selecci\u00f3n del Braco de Weimar desde 1999 para exposici\u00f3n, caza y compa\u00f1\u00eda.","breadcrumb":{"@id":"https:\/\/africa-weimar.es\/index.php\/author\/admin\/#breadcrumb"},"inLanguage":"es","potentialAction":[{"@type":"ReadAction","target":["https:\/\/africa-weimar.es\/index.php\/author\/admin\/"]}]},{"@type":"BreadcrumbList","@id":"https:\/\/africa-weimar.es\/index.php\/author\/admin\/#breadcrumb","itemListElement":[{"@type":"ListItem","position":1,"name":"Portada","item":"https:\/\/africa-weimar.es\/"},{"@type":"ListItem","position":2,"name":"Archivo de admin"}]},{"@type":"WebSite","@id":"https:\/\/africa-weimar.es\/#website","url":"https:\/\/africa-weimar.es\/","name":"Memorias de Africa","description":"Criador de Braco de Weimar o Weimaraner desde 1999","publisher":{"@id":"https:\/\/africa-weimar.es\/#\/schema\/person\/33bc83461096067bb8f0b9a1f55d2a12"},"potentialAction":[{"@type":"SearchAction","target":{"@type":"EntryPoint","urlTemplate":"https:\/\/africa-weimar.es\/?s={search_term_string}"},"query-input":"required name=search_term_string"}],"inLanguage":"es"},{"@type":["Person","Organization"],"@id":"https:\/\/africa-weimar.es\/#\/schema\/person\/33bc83461096067bb8f0b9a1f55d2a12","name":"admin","image":{"@type":"ImageObject","inLanguage":"es","@id":"https:\/\/africa-weimar.es\/#\/schema\/person\/image\/","url":"https:\/\/africa-weimar.es\/wp-content\/uploads\/2022\/04\/cropped-cleo1-scaled.jpg","contentUrl":"https:\/\/africa-weimar.es\/wp-content\/uploads\/2022\/04\/cropped-cleo1-scaled.jpg","width":2560,"height":711,"caption":"admin"},"logo":{"@id":"https:\/\/africa-weimar.es\/#\/schema\/person\/image\/"},"sameAs":["https:\/\/africa-weimar.es","https:\/\/www.facebook.com\/africa.delafuente","https:\/\/www.instagram.com\/belascan"],"mainEntityOfPage":{"@id":"https:\/\/africa-weimar.es\/index.php\/author\/admin\/"}}]}},"_links":{"self":[{"href":"https:\/\/africa-weimar.es\/index.php\/wp-json\/wp\/v2\/users\/1","targetHints":{"allow":["GET"]}}],"collection":[{"href":"https:\/\/africa-weimar.es\/index.php\/wp-json\/wp\/v2\/users"}]}}